{"id":51999,"date":"2022-05-06T13:14:07","date_gmt":"2022-05-06T11:14:07","guid":{"rendered":"https:\/\/mareterracoffee.com\/?p=51999"},"modified":"2025-02-18T12:13:37","modified_gmt":"2025-02-18T11:13:37","slug":"te-has-preguntado-como-se-cata-el-cafe","status":"publish","type":"post","link":"https:\/\/mareterracoffee.com\/es\/blog\/te-has-preguntado-como-se-cata-el-cafe\/","title":{"rendered":"\u00bfTe has preguntado c\u00f3mo se cata el caf\u00e9?"},"content":{"rendered":"<p>La cata es una pr\u00e1ctica en la que por medio de la <strong>degustaci\u00f3n<\/strong> se determinan y valoran cada una de las caracter\u00edsticas que definen un caf\u00e9. La cata, requiere de experiencia y habilidad para poder descubrir las<strong> caracter\u00edsticas<\/strong> propias de cada grano a trav\u00e9s de la comparaci\u00f3n.<\/p>\n<p>El modelo brasile\u00f1o es el m\u00e1s utilizado para la evaluaci\u00f3n sensorial del caf\u00e9. En ella, los catadores valoran y aprecian el caf\u00e9 mediante una infusi\u00f3n que les permite distinguir y conocer las diferentes caracter\u00edsticas de los caf\u00e9s, evaluando sus cualidades y defectos, para posteriormente darle una puntuaci\u00f3n al caf\u00e9.<\/p>\n<p>Para llevar a cabo este tipo de cata, se utilizan de <strong>3 a 5 tazas<\/strong> de cada muestra de caf\u00e9, con el objetivo de evaluar la uniformidad de la misma. Cada taza adem\u00e1s ha de contener la <strong>misma cantidad<\/strong> de caf\u00e9, siendo 8 gramos por 150 ml de agua.<\/p>\n<p>Lo primero que se hace durante una cata de caf\u00e9, es evaluar su <strong>fragancia<\/strong>, para ello se huelen los granos de caf\u00e9 reci\u00e9n molido en la taza. A continuaci\u00f3n, se vierte agua a una temperatura de 93\u00baC directamente sobre los granos molidos de caf\u00e9 asegur\u00e1ndose que todas las part\u00edculas se humedecen, y llegando hasta el borde de la taza.<\/p>\n<p>Adem\u00e1s, hay que disponer de una muestra del caf\u00e9 verde y una del tostado para una evaluaci\u00f3n visual una vez que la valoraci\u00f3n sensorial se haya llevado a cabo, siendo tambi\u00e9n necesario tener varias tazas de agua caliente sobre la mesa, para que los catadores puedan lavar sus cucharas cada vez que prueban cada caf\u00e9.<\/p>\n<p>Una vez el caf\u00e9 ya est\u00e1 <strong>infusionado<\/strong> y tras unos minutos de reposo, se rompe una especie de costra que se forma en la superficie, para que se pueda valorar su aroma. Despu\u00e9s de esta evaluaci\u00f3n los catadores pasan a <strong>valorar el sabor<\/strong>, sorbiendo el caf\u00e9 a cucharadas y con determinaci\u00f3n. Es aqu\u00ed cuando se puede obtener una percepci\u00f3n general de cada caf\u00e9 (acidez, cuerpo\u2026), evaluando tambi\u00e9n el <strong>postgusto<\/strong>, es decir la duraci\u00f3n de las caracter\u00edsticas positivas del sabor que quedan despu\u00e9s de la cata de caf\u00e9.<\/p>\n<p>Por \u00faltimo indicar que el ambiente durante una sesi\u00f3n de cata ha de ser silencioso, evitando comentarios y juicios de valor, ya que puede<strong> afectar a la valoraci\u00f3n<\/strong> que hagan otros catadores influyendo en los sentidos.<a href=\"https:\/\/es.linkedin.com\/company\/mareterracoffee\" target=\"_blank\" rel=\"noopener\"><br \/>\n<\/a><\/p>\n","protected":false},"excerpt":{"rendered":"<p>La cata de caf\u00e9 permite evaluar sus caracter\u00edsticas mediante la degustaci\u00f3n. El m\u00e9todo brasile\u00f1o es el m\u00e1s usado para analizar aroma, sabor y cuerpo.<\/p>\n","protected":false},"author":5,"featured_media":125067,"comment_status":"closed","ping_status":"open","sticky":false,"template":"","format":"standard","meta":{"_acf_changed":false,"footnotes":""},"categories":[58,55],"tags":[1969],"class_list":["post-51999","post","type-post","status-publish","format-standard","has-post-thumbnail","hentry","category-blog","category-descubriendo-el-cafe","tag-tecnicas-de-cata"],"acf":[],"yoast_head":"<!-- This site is optimized with the Yoast SEO plugin v27.4 - https:\/\/yoast.com\/product\/yoast-seo-wordpress\/ -->\n<title>\u00bfTe has preguntado c\u00f3mo se cata el caf\u00e9? - Mare Terra Coffee<\/title>\n<meta name=\"description\" content=\"Descubre la cata de caf\u00e9, su m\u00e9todo brasile\u00f1o y c\u00f3mo evaluar aroma, sabor y cuerpo para una degustaci\u00f3n profesional.\" \/>\n<meta name=\"robots\" content=\"index, follow, max-snippet:-1, max-image-preview:large, max-video-preview:-1\" \/>\n<link rel=\"canonical\" href=\"https:\/\/mareterracoffee.com\/es\/blog\/te-has-preguntado-como-se-cata-el-cafe\/\" \/>\n<meta property=\"og:locale\" content=\"es_ES\" \/>\n<meta property=\"og:type\" content=\"article\" \/>\n<meta property=\"og:title\" content=\"\u00bfTe has preguntado c\u00f3mo se cata el caf\u00e9? - Mare Terra Coffee\" \/>\n<meta property=\"og:description\" content=\"Descubre la cata de caf\u00e9, su m\u00e9todo brasile\u00f1o y c\u00f3mo evaluar aroma, sabor y cuerpo para una degustaci\u00f3n profesional.\" \/>\n<meta property=\"og:url\" content=\"https:\/\/mareterracoffee.com\/es\/blog\/te-has-preguntado-como-se-cata-el-cafe\/\" \/>\n<meta property=\"og:site_name\" content=\"Mare Terra Coffee\" \/>\n<meta property=\"article:published_time\" content=\"2022-05-06T11:14:07+00:00\" \/>\n<meta property=\"article:modified_time\" content=\"2025-02-18T11:13:37+00:00\" \/>\n<meta property=\"og:image\" content=\"https:\/\/mareterracoffee.com\/wp-content\/uploads\/2023\/07\/mareterra-cata-rueda.jpg\" \/>\n\t<meta property=\"og:image:width\" content=\"2021\" \/>\n\t<meta property=\"og:image:height\" content=\"1000\" \/>\n\t<meta property=\"og:image:type\" content=\"image\/jpeg\" \/>\n<meta name=\"author\" content=\"Patricia Carranco\" \/>\n<meta name=\"twitter:card\" content=\"summary_large_image\" \/>\n<meta name=\"twitter:label1\" content=\"Escrito por\" \/>\n\t<meta name=\"twitter:data1\" content=\"Patricia Carranco\" \/>\n\t<meta name=\"twitter:label2\" content=\"Tiempo de lectura\" \/>\n\t<meta name=\"twitter:data2\" content=\"2 minutos\" \/>\n<script type=\"application\/ld+json\" class=\"yoast-schema-graph\">{\"@context\":\"https:\\\/\\\/schema.org\",\"@graph\":[{\"@type\":\"Article\",\"@id\":\"https:\\\/\\\/mareterracoffee.com\\\/es\\\/blog\\\/te-has-preguntado-como-se-cata-el-cafe\\\/#article\",\"isPartOf\":{\"@id\":\"https:\\\/\\\/mareterracoffee.com\\\/es\\\/blog\\\/te-has-preguntado-como-se-cata-el-cafe\\\/\"},\"author\":{\"name\":\"Patricia Carranco\",\"@id\":\"https:\\\/\\\/mareterracoffee.com\\\/es\\\/#\\\/schema\\\/person\\\/e76d7a0919a6458038d1a4f23aa285af\"},\"headline\":\"\u00bfTe has preguntado c\u00f3mo se cata el caf\u00e9?\",\"datePublished\":\"2022-05-06T11:14:07+00:00\",\"dateModified\":\"2025-02-18T11:13:37+00:00\",\"mainEntityOfPage\":{\"@id\":\"https:\\\/\\\/mareterracoffee.com\\\/es\\\/blog\\\/te-has-preguntado-como-se-cata-el-cafe\\\/\"},\"wordCount\":419,\"publisher\":{\"@id\":\"https:\\\/\\\/mareterracoffee.com\\\/es\\\/#organization\"},\"image\":{\"@id\":\"https:\\\/\\\/mareterracoffee.com\\\/es\\\/blog\\\/te-has-preguntado-como-se-cata-el-cafe\\\/#primaryimage\"},\"thumbnailUrl\":\"https:\\\/\\\/mareterracoffee.com\\\/wp-content\\\/uploads\\\/2023\\\/07\\\/mareterra-cata-rueda.jpg\",\"keywords\":[\"tecnicas de cata\"],\"articleSection\":[\"Blog\",\"Descubriendo el Caf\u00e9\"],\"inLanguage\":\"es\"},{\"@type\":\"WebPage\",\"@id\":\"https:\\\/\\\/mareterracoffee.com\\\/es\\\/blog\\\/te-has-preguntado-como-se-cata-el-cafe\\\/\",\"url\":\"https:\\\/\\\/mareterracoffee.com\\\/es\\\/blog\\\/te-has-preguntado-como-se-cata-el-cafe\\\/\",\"name\":\"\u00bfTe has preguntado c\u00f3mo se cata el caf\u00e9? - Mare Terra Coffee\",\"isPartOf\":{\"@id\":\"https:\\\/\\\/mareterracoffee.com\\\/es\\\/#website\"},\"primaryImageOfPage\":{\"@id\":\"https:\\\/\\\/mareterracoffee.com\\\/es\\\/blog\\\/te-has-preguntado-como-se-cata-el-cafe\\\/#primaryimage\"},\"image\":{\"@id\":\"https:\\\/\\\/mareterracoffee.com\\\/es\\\/blog\\\/te-has-preguntado-como-se-cata-el-cafe\\\/#primaryimage\"},\"thumbnailUrl\":\"https:\\\/\\\/mareterracoffee.com\\\/wp-content\\\/uploads\\\/2023\\\/07\\\/mareterra-cata-rueda.jpg\",\"datePublished\":\"2022-05-06T11:14:07+00:00\",\"dateModified\":\"2025-02-18T11:13:37+00:00\",\"description\":\"Descubre la cata de caf\u00e9, su m\u00e9todo brasile\u00f1o y c\u00f3mo evaluar aroma, sabor y cuerpo para una degustaci\u00f3n profesional.\",\"breadcrumb\":{\"@id\":\"https:\\\/\\\/mareterracoffee.com\\\/es\\\/blog\\\/te-has-preguntado-como-se-cata-el-cafe\\\/#breadcrumb\"},\"inLanguage\":\"es\",\"potentialAction\":[{\"@type\":\"ReadAction\",\"target\":[\"https:\\\/\\\/mareterracoffee.com\\\/es\\\/blog\\\/te-has-preguntado-como-se-cata-el-cafe\\\/\"]}]},{\"@type\":\"ImageObject\",\"inLanguage\":\"es\",\"@id\":\"https:\\\/\\\/mareterracoffee.com\\\/es\\\/blog\\\/te-has-preguntado-como-se-cata-el-cafe\\\/#primaryimage\",\"url\":\"https:\\\/\\\/mareterracoffee.com\\\/wp-content\\\/uploads\\\/2023\\\/07\\\/mareterra-cata-rueda.jpg\",\"contentUrl\":\"https:\\\/\\\/mareterracoffee.com\\\/wp-content\\\/uploads\\\/2023\\\/07\\\/mareterra-cata-rueda.jpg\",\"width\":2021,\"height\":1000},{\"@type\":\"BreadcrumbList\",\"@id\":\"https:\\\/\\\/mareterracoffee.com\\\/es\\\/blog\\\/te-has-preguntado-como-se-cata-el-cafe\\\/#breadcrumb\",\"itemListElement\":[{\"@type\":\"ListItem\",\"position\":1,\"name\":\"Portada\",\"item\":\"https:\\\/\\\/mareterracoffee.com\\\/es\\\/\"},{\"@type\":\"ListItem\",\"position\":2,\"name\":\"\u00bfTe has preguntado c\u00f3mo se cata el caf\u00e9?\"}]},{\"@type\":\"WebSite\",\"@id\":\"https:\\\/\\\/mareterracoffee.com\\\/es\\\/#website\",\"url\":\"https:\\\/\\\/mareterracoffee.com\\\/es\\\/\",\"name\":\"Mare Terra Coffee\",\"description\":\"Importador \\\/ Exportador de Caf\u00e9 verde\",\"publisher\":{\"@id\":\"https:\\\/\\\/mareterracoffee.com\\\/es\\\/#organization\"},\"potentialAction\":[{\"@type\":\"SearchAction\",\"target\":{\"@type\":\"EntryPoint\",\"urlTemplate\":\"https:\\\/\\\/mareterracoffee.com\\\/es\\\/?s={search_term_string}\"},\"query-input\":{\"@type\":\"PropertyValueSpecification\",\"valueRequired\":true,\"valueName\":\"search_term_string\"}}],\"inLanguage\":\"es\"},{\"@type\":\"Organization\",\"@id\":\"https:\\\/\\\/mareterracoffee.com\\\/es\\\/#organization\",\"name\":\"Mare Terra Coffee\",\"url\":\"https:\\\/\\\/mareterracoffee.com\\\/es\\\/\",\"logo\":{\"@type\":\"ImageObject\",\"inLanguage\":\"es\",\"@id\":\"https:\\\/\\\/mareterracoffee.com\\\/es\\\/#\\\/schema\\\/logo\\\/image\\\/\",\"url\":\"https:\\\/\\\/mareterracoffee.com\\\/wp-content\\\/uploads\\\/2023\\\/06\\\/marre-terra-1.svg\",\"contentUrl\":\"https:\\\/\\\/mareterracoffee.com\\\/wp-content\\\/uploads\\\/2023\\\/06\\\/marre-terra-1.svg\",\"width\":229,\"height\":52,\"caption\":\"Mare Terra Coffee\"},\"image\":{\"@id\":\"https:\\\/\\\/mareterracoffee.com\\\/es\\\/#\\\/schema\\\/logo\\\/image\\\/\"}},{\"@type\":\"Person\",\"@id\":\"https:\\\/\\\/mareterracoffee.com\\\/es\\\/#\\\/schema\\\/person\\\/e76d7a0919a6458038d1a4f23aa285af\",\"name\":\"Patricia Carranco\",\"image\":{\"@type\":\"ImageObject\",\"inLanguage\":\"es\",\"@id\":\"https:\\\/\\\/secure.gravatar.com\\\/avatar\\\/5e345480e6b7fc8bcf5b11ba148a59ab9f4fc3417166cecd874561e7f49fb040?s=96&d=mm&r=g\",\"url\":\"https:\\\/\\\/secure.gravatar.com\\\/avatar\\\/5e345480e6b7fc8bcf5b11ba148a59ab9f4fc3417166cecd874561e7f49fb040?s=96&d=mm&r=g\",\"contentUrl\":\"https:\\\/\\\/secure.gravatar.com\\\/avatar\\\/5e345480e6b7fc8bcf5b11ba148a59ab9f4fc3417166cecd874561e7f49fb040?s=96&d=mm&r=g\",\"caption\":\"Patricia Carranco\"},\"url\":\"https:\\\/\\\/mareterracoffee.com\\\/es\\\/blog\\\/author\\\/patricia\\\/\"}]}<\/script>\n<!-- \/ Yoast SEO plugin. -->","yoast_head_json":{"title":"\u00bfTe has preguntado c\u00f3mo se cata el caf\u00e9? - Mare Terra Coffee","description":"Descubre la cata de caf\u00e9, su m\u00e9todo brasile\u00f1o y c\u00f3mo evaluar aroma, sabor y cuerpo para una degustaci\u00f3n profesional.","robots":{"index":"index","follow":"follow","max-snippet":"max-snippet:-1","max-image-preview":"max-image-preview:large","max-video-preview":"max-video-preview:-1"},"canonical":"https:\/\/mareterracoffee.com\/es\/blog\/te-has-preguntado-como-se-cata-el-cafe\/","og_locale":"es_ES","og_type":"article","og_title":"\u00bfTe has preguntado c\u00f3mo se cata el caf\u00e9? - Mare Terra Coffee","og_description":"Descubre la cata de caf\u00e9, su m\u00e9todo brasile\u00f1o y c\u00f3mo evaluar aroma, sabor y cuerpo para una degustaci\u00f3n profesional.","og_url":"https:\/\/mareterracoffee.com\/es\/blog\/te-has-preguntado-como-se-cata-el-cafe\/","og_site_name":"Mare Terra Coffee","article_published_time":"2022-05-06T11:14:07+00:00","article_modified_time":"2025-02-18T11:13:37+00:00","og_image":[{"width":2021,"height":1000,"url":"https:\/\/mareterracoffee.com\/wp-content\/uploads\/2023\/07\/mareterra-cata-rueda.jpg","type":"image\/jpeg"}],"author":"Patricia Carranco","twitter_card":"summary_large_image","twitter_misc":{"Escrito por":"Patricia Carranco","Tiempo de lectura":"2 minutos"},"schema":{"@context":"https:\/\/schema.org","@graph":[{"@type":"Article","@id":"https:\/\/mareterracoffee.com\/es\/blog\/te-has-preguntado-como-se-cata-el-cafe\/#article","isPartOf":{"@id":"https:\/\/mareterracoffee.com\/es\/blog\/te-has-preguntado-como-se-cata-el-cafe\/"},"author":{"name":"Patricia Carranco","@id":"https:\/\/mareterracoffee.com\/es\/#\/schema\/person\/e76d7a0919a6458038d1a4f23aa285af"},"headline":"\u00bfTe has preguntado c\u00f3mo se cata el caf\u00e9?","datePublished":"2022-05-06T11:14:07+00:00","dateModified":"2025-02-18T11:13:37+00:00","mainEntityOfPage":{"@id":"https:\/\/mareterracoffee.com\/es\/blog\/te-has-preguntado-como-se-cata-el-cafe\/"},"wordCount":419,"publisher":{"@id":"https:\/\/mareterracoffee.com\/es\/#organization"},"image":{"@id":"https:\/\/mareterracoffee.com\/es\/blog\/te-has-preguntado-como-se-cata-el-cafe\/#primaryimage"},"thumbnailUrl":"https:\/\/mareterracoffee.com\/wp-content\/uploads\/2023\/07\/mareterra-cata-rueda.jpg","keywords":["tecnicas de cata"],"articleSection":["Blog","Descubriendo el Caf\u00e9"],"inLanguage":"es"},{"@type":"WebPage","@id":"https:\/\/mareterracoffee.com\/es\/blog\/te-has-preguntado-como-se-cata-el-cafe\/","url":"https:\/\/mareterracoffee.com\/es\/blog\/te-has-preguntado-como-se-cata-el-cafe\/","name":"\u00bfTe has preguntado c\u00f3mo se cata el caf\u00e9? - Mare Terra Coffee","isPartOf":{"@id":"https:\/\/mareterracoffee.com\/es\/#website"},"primaryImageOfPage":{"@id":"https:\/\/mareterracoffee.com\/es\/blog\/te-has-preguntado-como-se-cata-el-cafe\/#primaryimage"},"image":{"@id":"https:\/\/mareterracoffee.com\/es\/blog\/te-has-preguntado-como-se-cata-el-cafe\/#primaryimage"},"thumbnailUrl":"https:\/\/mareterracoffee.com\/wp-content\/uploads\/2023\/07\/mareterra-cata-rueda.jpg","datePublished":"2022-05-06T11:14:07+00:00","dateModified":"2025-02-18T11:13:37+00:00","description":"Descubre la cata de caf\u00e9, su m\u00e9todo brasile\u00f1o y c\u00f3mo evaluar aroma, sabor y cuerpo para una degustaci\u00f3n profesional.","breadcrumb":{"@id":"https:\/\/mareterracoffee.com\/es\/blog\/te-has-preguntado-como-se-cata-el-cafe\/#breadcrumb"},"inLanguage":"es","potentialAction":[{"@type":"ReadAction","target":["https:\/\/mareterracoffee.com\/es\/blog\/te-has-preguntado-como-se-cata-el-cafe\/"]}]},{"@type":"ImageObject","inLanguage":"es","@id":"https:\/\/mareterracoffee.com\/es\/blog\/te-has-preguntado-como-se-cata-el-cafe\/#primaryimage","url":"https:\/\/mareterracoffee.com\/wp-content\/uploads\/2023\/07\/mareterra-cata-rueda.jpg","contentUrl":"https:\/\/mareterracoffee.com\/wp-content\/uploads\/2023\/07\/mareterra-cata-rueda.jpg","width":2021,"height":1000},{"@type":"BreadcrumbList","@id":"https:\/\/mareterracoffee.com\/es\/blog\/te-has-preguntado-como-se-cata-el-cafe\/#breadcrumb","itemListElement":[{"@type":"ListItem","position":1,"name":"Portada","item":"https:\/\/mareterracoffee.com\/es\/"},{"@type":"ListItem","position":2,"name":"\u00bfTe has preguntado c\u00f3mo se cata el caf\u00e9?"}]},{"@type":"WebSite","@id":"https:\/\/mareterracoffee.com\/es\/#website","url":"https:\/\/mareterracoffee.com\/es\/","name":"Mare Terra Coffee","description":"Importador \/ Exportador de Caf\u00e9 verde","publisher":{"@id":"https:\/\/mareterracoffee.com\/es\/#organization"},"potentialAction":[{"@type":"SearchAction","target":{"@type":"EntryPoint","urlTemplate":"https:\/\/mareterracoffee.com\/es\/?s={search_term_string}"},"query-input":{"@type":"PropertyValueSpecification","valueRequired":true,"valueName":"search_term_string"}}],"inLanguage":"es"},{"@type":"Organization","@id":"https:\/\/mareterracoffee.com\/es\/#organization","name":"Mare Terra Coffee","url":"https:\/\/mareterracoffee.com\/es\/","logo":{"@type":"ImageObject","inLanguage":"es","@id":"https:\/\/mareterracoffee.com\/es\/#\/schema\/logo\/image\/","url":"https:\/\/mareterracoffee.com\/wp-content\/uploads\/2023\/06\/marre-terra-1.svg","contentUrl":"https:\/\/mareterracoffee.com\/wp-content\/uploads\/2023\/06\/marre-terra-1.svg","width":229,"height":52,"caption":"Mare Terra Coffee"},"image":{"@id":"https:\/\/mareterracoffee.com\/es\/#\/schema\/logo\/image\/"}},{"@type":"Person","@id":"https:\/\/mareterracoffee.com\/es\/#\/schema\/person\/e76d7a0919a6458038d1a4f23aa285af","name":"Patricia Carranco","image":{"@type":"ImageObject","inLanguage":"es","@id":"https:\/\/secure.gravatar.com\/avatar\/5e345480e6b7fc8bcf5b11ba148a59ab9f4fc3417166cecd874561e7f49fb040?s=96&d=mm&r=g","url":"https:\/\/secure.gravatar.com\/avatar\/5e345480e6b7fc8bcf5b11ba148a59ab9f4fc3417166cecd874561e7f49fb040?s=96&d=mm&r=g","contentUrl":"https:\/\/secure.gravatar.com\/avatar\/5e345480e6b7fc8bcf5b11ba148a59ab9f4fc3417166cecd874561e7f49fb040?s=96&d=mm&r=g","caption":"Patricia Carranco"},"url":"https:\/\/mareterracoffee.com\/es\/blog\/author\/patricia\/"}]}},"_links":{"self":[{"href":"https:\/\/mareterracoffee.com\/es\/wp-json\/wp\/v2\/posts\/51999","targetHints":{"allow":["GET"]}}],"collection":[{"href":"https:\/\/mareterracoffee.com\/es\/wp-json\/wp\/v2\/posts"}],"about":[{"href":"https:\/\/mareterracoffee.com\/es\/wp-json\/wp\/v2\/types\/post"}],"author":[{"embeddable":true,"href":"https:\/\/mareterracoffee.com\/es\/wp-json\/wp\/v2\/users\/5"}],"replies":[{"embeddable":true,"href":"https:\/\/mareterracoffee.com\/es\/wp-json\/wp\/v2\/comments?post=51999"}],"version-history":[{"count":3,"href":"https:\/\/mareterracoffee.com\/es\/wp-json\/wp\/v2\/posts\/51999\/revisions"}],"predecessor-version":[{"id":144196,"href":"https:\/\/mareterracoffee.com\/es\/wp-json\/wp\/v2\/posts\/51999\/revisions\/144196"}],"wp:featuredmedia":[{"embeddable":true,"href":"https:\/\/mareterracoffee.com\/es\/wp-json\/wp\/v2\/media\/125067"}],"wp:attachment":[{"href":"https:\/\/mareterracoffee.com\/es\/wp-json\/wp\/v2\/media?parent=51999"}],"wp:term":[{"taxonomy":"category","embeddable":true,"href":"https:\/\/mareterracoffee.com\/es\/wp-json\/wp\/v2\/categories?post=51999"},{"taxonomy":"post_tag","embeddable":true,"href":"https:\/\/mareterracoffee.com\/es\/wp-json\/wp\/v2\/tags?post=51999"}],"curies":[{"name":"wp","href":"https:\/\/api.w.org\/{rel}","templated":true}]}}